{"id":16054,"date":"2024-10-02T07:45:18","date_gmt":"2024-10-02T07:45:18","guid":{"rendered":"https:\/\/natural-origins.eu\/taller-de-formacion-a-formadores-en-turquia\/"},"modified":"2024-10-02T07:45:18","modified_gmt":"2024-10-02T07:45:18","slug":"taller-de-formacion-a-formadores-en-turquia","status":"publish","type":"post","link":"https:\/\/natural-origins.eu\/es\/taller-de-formacion-a-formadores-en-turquia\/","title":{"rendered":"Taller de formaci\u00f3n a formadores en Turqu\u00eda"},"content":{"rendered":"<p>El 20 y 21 de junio de 2024 KEVADER celebr\u00f3 el taller nacional de formaci\u00f3n de formadores en Nev\u015fehir (Turqu\u00eda), con la participaci\u00f3n de 20 formadores j\u00f3venes. Los principales objetivos del taller de formaci\u00f3n de formadores en Turqu\u00eda eran dotar a los formadores j\u00f3venes de las habilidades y los conocimientos necesarios para apoyar la inclusi\u00f3n social entre los j\u00f3venes de origen migrante. Esto se logr\u00f3 fomentando una mentalidad emprendedora, especialmente relacionada con el comercio de bienes naturales, para ayudar a los participantes a orientar a los j\u00f3venes migrantes en el lanzamiento de iniciativas empresariales a peque\u00f1a escala. Se esperaba que los participantes del taller comprendieran c\u00f3mo formar a j\u00f3venes en situaciones vulnerables, especialmente a los de origen migrante. Al final de los talleres, deber\u00edan haber adquirido conocimientos sobre el fomento del esp\u00edritu empresarial, desarrollado habilidades para establecer contactos y aprendido a aprovechar los productos naturales para los negocios. Los\/as participantes del taller proporcionaron comentarios positivos, especialmente apreciando la naturaleza interactiva de la formaci\u00f3n y el enfoque en las herramientas digitales y el comercio local. Destacaron la utilidad de los recursos para apoyar iniciativas emprendedoras entre las personas migrantes.       <\/p>\n<table>\n<tbody>\n<tr>\n<td><img decoding=\"async\" class=\"alignnone wp-image-15771\" src=\"\/wp-content\/uploads\/2024\/10\/4a.jpg\" alt=\"\" width=\"500\"><\/td>\n<td><img decoding=\"async\" class=\"alignnone wp-image-15771\" src=\"\/wp-content\/uploads\/2024\/10\/4b.jpg\" alt=\"\" width=\"500\"><\/td>\n<td><img decoding=\"async\" class=\"alignnone wp-image-15771\" src=\"\/wp-content\/uploads\/2024\/10\/4b.jpg\" alt=\"\" width=\"500\"><\/td>\n<\/tr>\n<\/tbody>\n<\/table>\n","protected":false},"excerpt":{"rendered":"<p>El 20 y 21 de junio de 2024 KEVADER celebr\u00f3 el taller nacional de formaci\u00f3n de formadores en Nev\u015fehir (Turqu\u00eda), con la participaci\u00f3n de 20 formadores j\u00f3venes. Los principales objetivos del taller de formaci\u00f3n de formadores en Turqu\u00eda eran dotar &hellip; <\/p>\n","protected":false},"author":1,"featured_media":16039,"comment_status":"closed","ping_status":"closed","sticky":false,"template":"","format":"standard","meta":{"footnotes":""},"categories":[79],"tags":[],"class_list":["post-16054","post","type-post","status-publish","format-standard","has-post-thumbnail","hentry","category-talleres"],"_links":{"self":[{"href":"https:\/\/natural-origins.eu\/es\/wp-json\/wp\/v2\/posts\/16054","targetHints":{"allow":["GET"]}}],"collection":[{"href":"https:\/\/natural-origins.eu\/es\/wp-json\/wp\/v2\/posts"}],"about":[{"href":"https:\/\/natural-origins.eu\/es\/wp-json\/wp\/v2\/types\/post"}],"author":[{"embeddable":true,"href":"https:\/\/natural-origins.eu\/es\/wp-json\/wp\/v2\/users\/1"}],"replies":[{"embeddable":true,"href":"https:\/\/natural-origins.eu\/es\/wp-json\/wp\/v2\/comments?post=16054"}],"version-history":[{"count":0,"href":"https:\/\/natural-origins.eu\/es\/wp-json\/wp\/v2\/posts\/16054\/revisions"}],"wp:featuredmedia":[{"embeddable":true,"href":"https:\/\/natural-origins.eu\/es\/wp-json\/wp\/v2\/media\/16039"}],"wp:attachment":[{"href":"https:\/\/natural-origins.eu\/es\/wp-json\/wp\/v2\/media?parent=16054"}],"wp:term":[{"taxonomy":"category","embeddable":true,"href":"https:\/\/natural-origins.eu\/es\/wp-json\/wp\/v2\/categories?post=16054"},{"taxonomy":"post_tag","embeddable":true,"href":"https:\/\/natural-origins.eu\/es\/wp-json\/wp\/v2\/tags?post=16054"}],"curies":[{"name":"wp","href":"https:\/\/api.w.org\/{rel}","templated":true}]}}