{"id":16053,"date":"2024-10-02T07:45:18","date_gmt":"2024-10-02T07:45:18","guid":{"rendered":"https:\/\/natural-origins.eu\/turkiyede-ulusal-egitmen-egitimi-calistayi\/"},"modified":"2024-10-02T07:50:08","modified_gmt":"2024-10-02T07:50:08","slug":"turkiyede-ulusal-egitmen-egitimi-calistayi","status":"publish","type":"post","link":"https:\/\/natural-origins.eu\/tr\/turkiyede-ulusal-egitmen-egitimi-calistayi\/","title":{"rendered":"T\u00fcrkiye&#8217;de Ulusal E\u011fitmen E\u011fitimi \u00c7al\u0131\u015ftay\u0131"},"content":{"rendered":"<p>20-21 Haziran 2024 tarihlerinde KEVADER 20 gen\u00e7lik e\u011fitimcisinin kat\u0131l\u0131m\u0131yla Nev\u015fehir&#8217;de ulusal e\u011fitmen e\u011fitimi \u00e7al\u0131\u015ftay\u0131n\u0131 ger\u00e7ekle\u015ftirdi. T\u00fcrkiye&#8217;deki e\u011fitmenlerin e\u011fitimi \u00e7al\u0131\u015ftay\u0131n\u0131n ana hedefi, gen\u00e7lik e\u011fitimcilerini g\u00f6\u00e7men k\u00f6kenli gen\u00e7lerin sosyal kat\u0131l\u0131m\u0131n\u0131 desteklemek i\u00e7in gerekli bilgi ve becerilerle donatmakt\u0131. Bu, kat\u0131l\u0131mc\u0131lar\u0131n g\u00f6\u00e7men gen\u00e7lere k\u00fc\u00e7\u00fck \u00f6l\u00e7ekli i\u015fletme giri\u015fimleri ba\u015flatma konusunda rehberlik etmelerine yard\u0131mc\u0131 olmak i\u00e7in \u00f6zellikle do\u011fal mallar\u0131n ticaretiyle ilgili giri\u015fimci bir zihniyetin te\u015fvik edilmesiyle ba\u015far\u0131ld\u0131. \u00c7al\u0131\u015ftay kat\u0131l\u0131mc\u0131lar\u0131n\u0131n, hassas durumdaki gen\u00e7lerin, \u00f6zellikle de g\u00f6\u00e7men ge\u00e7mi\u015fi olanlar\u0131n nas\u0131l e\u011fitilece\u011fini anlamalar\u0131 beklendi. At\u00f6lye \u00e7al\u0131\u015fmalar\u0131n\u0131n sonunda giri\u015fimcili\u011fi te\u015fvik etme konusunda i\u00e7g\u00f6r\u00fc kazanm\u0131\u015f, a\u011f olu\u015fturma becerilerini geli\u015ftirmi\u015f ve i\u015f i\u00e7in do\u011fal \u00fcr\u00fcnlerden nas\u0131l yararlanabileceklerini \u00f6\u011frenmi\u015f olmalar\u0131 beklenmektedir. \u00c7al\u0131\u015ftay\u0131n kat\u0131l\u0131mc\u0131lar\u0131, \u00f6zellikle e\u011fitimin interaktif do\u011fas\u0131n\u0131 ve dijital ara\u00e7lara ve yerel ticarete odaklan\u0131lmas\u0131n\u0131 takdir ederek olumlu geri bildirimler sa\u011flad\u0131. G\u00f6\u00e7menler aras\u0131ndaki giri\u015fimcili\u011fi desteklemek i\u00e7in kaynaklar\u0131n yararl\u0131l\u0131\u011f\u0131n\u0131n alt\u0131n\u0131 \u00e7izdiler.       <\/p>\n<table>\n<tbody>\n<tr>\n<td><img decoding=\"async\" class=\"alignnone wp-image-15771\" src=\"\/wp-content\/uploads\/2024\/10\/4a.jpg\" alt=\"\" width=\"500\"><\/td>\n<td><img decoding=\"async\" class=\"alignnone wp-image-15771\" src=\"\/wp-content\/uploads\/2024\/10\/4b.jpg\" alt=\"\" width=\"500\"><\/td>\n<td><img decoding=\"async\" class=\"alignnone wp-image-15771\" src=\"\/wp-content\/uploads\/2024\/10\/4b.jpg\" alt=\"\" width=\"500\"><\/td>\n<\/tr>\n<\/tbody>\n<\/table>\n","protected":false},"excerpt":{"rendered":"<p>20-21 Haziran 2024 tarihlerinde KEVADER 20 gen\u00e7lik e\u011fitimcisinin kat\u0131l\u0131m\u0131yla Nev\u015fehir&#8217;de ulusal e\u011fitmen e\u011fitimi \u00e7al\u0131\u015ftay\u0131n\u0131 ger\u00e7ekle\u015ftirdi. T\u00fcrkiye&#8217;deki e\u011fitmenlerin e\u011fitimi \u00e7al\u0131\u015ftay\u0131n\u0131n ana hedefi, gen\u00e7lik e\u011fitimcilerini g\u00f6\u00e7men k\u00f6kenli gen\u00e7lerin sosyal kat\u0131l\u0131m\u0131n\u0131 desteklemek i\u00e7in gerekli bilgi ve becerilerle donatmakt\u0131. Bu, kat\u0131l\u0131mc\u0131lar\u0131n g\u00f6\u00e7men gen\u00e7lere k\u00fc\u00e7\u00fck &hellip; <\/p>\n","protected":false},"author":1,"featured_media":16040,"comment_status":"closed","ping_status":"closed","sticky":false,"template":"","format":"standard","meta":{"footnotes":""},"categories":[80],"tags":[],"class_list":["post-16053","post","type-post","status-publish","format-standard","has-post-thumbnail","hentry","category-workshops-tr"],"_links":{"self":[{"href":"https:\/\/natural-origins.eu\/tr\/wp-json\/wp\/v2\/posts\/16053","targetHints":{"allow":["GET"]}}],"collection":[{"href":"https:\/\/natural-origins.eu\/tr\/wp-json\/wp\/v2\/posts"}],"about":[{"href":"https:\/\/natural-origins.eu\/tr\/wp-json\/wp\/v2\/types\/post"}],"author":[{"embeddable":true,"href":"https:\/\/natural-origins.eu\/tr\/wp-json\/wp\/v2\/users\/1"}],"replies":[{"embeddable":true,"href":"https:\/\/natural-origins.eu\/tr\/wp-json\/wp\/v2\/comments?post=16053"}],"version-history":[{"count":1,"href":"https:\/\/natural-origins.eu\/tr\/wp-json\/wp\/v2\/posts\/16053\/revisions"}],"predecessor-version":[{"id":16056,"href":"https:\/\/natural-origins.eu\/tr\/wp-json\/wp\/v2\/posts\/16053\/revisions\/16056"}],"wp:featuredmedia":[{"embeddable":true,"href":"https:\/\/natural-origins.eu\/tr\/wp-json\/wp\/v2\/media\/16040"}],"wp:attachment":[{"href":"https:\/\/natural-origins.eu\/tr\/wp-json\/wp\/v2\/media?parent=16053"}],"wp:term":[{"taxonomy":"category","embeddable":true,"href":"https:\/\/natural-origins.eu\/tr\/wp-json\/wp\/v2\/categories?post=16053"},{"taxonomy":"post_tag","embeddable":true,"href":"https:\/\/natural-origins.eu\/tr\/wp-json\/wp\/v2\/tags?post=16053"}],"curies":[{"name":"wp","href":"https:\/\/api.w.org\/{rel}","templated":true}]}}